{"id":1878,"date":"2016-09-29T08:25:46","date_gmt":"2016-09-29T08:25:46","guid":{"rendered":"https:\/\/interstore.ch\/de\/?p=1878"},"modified":"2017-09-19T13:53:48","modified_gmt":"2017-09-19T13:53:48","slug":"edeka-niemerszein","status":"publish","type":"post","link":"https:\/\/interstore.ch\/de\/edeka-niemerszein\/","title":{"rendered":"Edeka Niemerszein"},"content":{"rendered":"<p align=\"LEFT\">Einladend, gem\u00fctlich und locker \u2013 so pr\u00e4sentiert sich der neugestaltete Markt am M\u00fchlenkamp in Hamburg seit April 2016 seinen Stammkunden und neuen Besuchern. Auf 1\u2018600m\u00b2 wurde ein gem\u00fctlicher Marktplatz mit Wochenmarktflair geschaffen.<\/p>\n<p align=\"LEFT\">Die Idee eines Marktplatzes mit einer gem\u00fctlichen, lockeren Atmosph\u00e4re, in der sich die Kunden wie zu Hause f\u00fchlen, stand am Anfang dieses Konzeptes. Offene Marktst\u00e4nde mit Klappen aus Holz erinnern optisch an traditionelle Wochenm\u00e4rkte und schaffen eine heimelige Atmosph\u00e4re.<\/p>\n<p>&nbsp;<\/p>\n","protected":false},"excerpt":{"rendered":"<p>Einladend, gem\u00fctlich und locker \u2013 so pr\u00e4sentiert sich der neugestaltete Markt am M\u00fchlenkamp in Hamburg seit April 2016 seinen Stammkunden und neuen Besuchern. Auf 1\u2018600m\u00b2 wurde ein gem\u00fctlicher Marktplatz mit Wochenmarktflair geschaffen. Die Idee eines Marktplatzes mit einer gem\u00fctlichen, lockeren Atmosph\u00e4re, in der sich die Kunden wie zu Hause f\u00fchlen, stand am Anfang dieses Konzeptes. [&hellip;]<\/p>\n","protected":false},"author":2,"featured_media":1872,"comment_status":"open","ping_status":"open","sticky":false,"template":"","format":"standard","meta":{"_acf_changed":false,"footnotes":""},"categories":[6],"tags":[],"class_list":["post-1878","post","type-post","status-publish","format-standard","has-post-thumbnail","hentry","category-projekte"],"acf":[],"yoast_head":"<!-- This site is optimized with the Yoast SEO plugin v27.0 - https:\/\/yoast.com\/product\/yoast-seo-wordpress\/ -->\n<title>Edeka Niemerszein - Interstore<\/title>\n<meta name=\"robots\" content=\"index, follow, max-snippet:-1, max-image-preview:large, max-video-preview:-1\" \/>\n<link rel=\"canonical\" href=\"https:\/\/interstore.ch\/de\/edeka-niemerszein\/\" \/>\n<meta property=\"og:locale\" content=\"de_DE\" \/>\n<meta property=\"og:type\" content=\"article\" \/>\n<meta property=\"og:title\" content=\"Edeka Niemerszein - Interstore\" \/>\n<meta property=\"og:description\" content=\"Einladend, gem\u00fctlich und locker \u2013 so pr\u00e4sentiert sich der neugestaltete Markt am M\u00fchlenkamp in Hamburg seit April 2016 seinen Stammkunden und neuen Besuchern. Auf 1\u2018600m\u00b2 wurde ein gem\u00fctlicher Marktplatz mit Wochenmarktflair geschaffen. Die Idee eines Marktplatzes mit einer gem\u00fctlichen, lockeren Atmosph\u00e4re, in der sich die Kunden wie zu Hause f\u00fchlen, stand am Anfang dieses Konzeptes. [&hellip;]\" \/>\n<meta property=\"og:url\" content=\"https:\/\/interstore.ch\/de\/edeka-niemerszein\/\" \/>\n<meta property=\"og:site_name\" content=\"Interstore\" \/>\n<meta property=\"article:published_time\" content=\"2016-09-29T08:25:46+00:00\" \/>\n<meta property=\"article:modified_time\" content=\"2017-09-19T13:53:48+00:00\" \/>\n<meta property=\"og:image\" content=\"https:\/\/interstore.ch\/app\/uploads\/2016\/09\/160921_Edeka-Niemerszein_Cover2_.jpg\" \/>\n\t<meta property=\"og:image:width\" content=\"1866\" \/>\n\t<meta property=\"og:image:height\" content=\"2480\" \/>\n\t<meta property=\"og:image:type\" content=\"image\/jpeg\" \/>\n<meta name=\"author\" content=\"Siglinde Zipperle\" \/>\n<meta name=\"twitter:card\" content=\"summary_large_image\" \/>\n<meta name=\"twitter:label1\" content=\"Written by\" \/>\n\t<meta name=\"twitter:data1\" content=\"Siglinde Zipperle\" \/>\n<script type=\"application\/ld+json\" class=\"yoast-schema-graph\">{\"@context\":\"https:\/\/schema.org\",\"@graph\":[{\"@type\":\"Article\",\"@id\":\"https:\/\/interstore.ch\/de\/edeka-niemerszein\/#article\",\"isPartOf\":{\"@id\":\"https:\/\/interstore.ch\/de\/edeka-niemerszein\/\"},\"author\":{\"name\":\"Siglinde Zipperle\",\"@id\":\"https:\/\/interstore.ch\/de\/#\/schema\/person\/cea5765cb7c08af02f55c376a61f6097\"},\"headline\":\"Edeka Niemerszein\",\"datePublished\":\"2016-09-29T08:25:46+00:00\",\"dateModified\":\"2017-09-19T13:53:48+00:00\",\"mainEntityOfPage\":{\"@id\":\"https:\/\/interstore.ch\/de\/edeka-niemerszein\/\"},\"wordCount\":82,\"commentCount\":0,\"image\":{\"@id\":\"https:\/\/interstore.ch\/de\/edeka-niemerszein\/#primaryimage\"},\"thumbnailUrl\":\"https:\/\/interstore.ch\/app\/uploads\/2016\/09\/160921_Edeka-Niemerszein_Cover2_.jpg\",\"articleSection\":[\"Projekte\"],\"inLanguage\":\"de-DE\",\"potentialAction\":[{\"@type\":\"CommentAction\",\"name\":\"Comment\",\"target\":[\"https:\/\/interstore.ch\/de\/edeka-niemerszein\/#respond\"]}]},{\"@type\":\"WebPage\",\"@id\":\"https:\/\/interstore.ch\/de\/edeka-niemerszein\/\",\"url\":\"https:\/\/interstore.ch\/de\/edeka-niemerszein\/\",\"name\":\"Edeka Niemerszein - Interstore\",\"isPartOf\":{\"@id\":\"https:\/\/interstore.ch\/de\/#website\"},\"primaryImageOfPage\":{\"@id\":\"https:\/\/interstore.ch\/de\/edeka-niemerszein\/#primaryimage\"},\"image\":{\"@id\":\"https:\/\/interstore.ch\/de\/edeka-niemerszein\/#primaryimage\"},\"thumbnailUrl\":\"https:\/\/interstore.ch\/app\/uploads\/2016\/09\/160921_Edeka-Niemerszein_Cover2_.jpg\",\"datePublished\":\"2016-09-29T08:25:46+00:00\",\"dateModified\":\"2017-09-19T13:53:48+00:00\",\"author\":{\"@id\":\"https:\/\/interstore.ch\/de\/#\/schema\/person\/cea5765cb7c08af02f55c376a61f6097\"},\"breadcrumb\":{\"@id\":\"https:\/\/interstore.ch\/de\/edeka-niemerszein\/#breadcrumb\"},\"inLanguage\":\"de-DE\",\"potentialAction\":[{\"@type\":\"ReadAction\",\"target\":[\"https:\/\/interstore.ch\/de\/edeka-niemerszein\/\"]}]},{\"@type\":\"ImageObject\",\"inLanguage\":\"de-DE\",\"@id\":\"https:\/\/interstore.ch\/de\/edeka-niemerszein\/#primaryimage\",\"url\":\"https:\/\/interstore.ch\/app\/uploads\/2016\/09\/160921_Edeka-Niemerszein_Cover2_.jpg\",\"contentUrl\":\"https:\/\/interstore.ch\/app\/uploads\/2016\/09\/160921_Edeka-Niemerszein_Cover2_.jpg\",\"width\":1866,\"height\":2480},{\"@type\":\"BreadcrumbList\",\"@id\":\"https:\/\/interstore.ch\/de\/edeka-niemerszein\/#breadcrumb\",\"itemListElement\":[{\"@type\":\"ListItem\",\"position\":1,\"name\":\"Home\",\"item\":\"https:\/\/interstore.ch\/de\/\"},{\"@type\":\"ListItem\",\"position\":2,\"name\":\"Edeka Niemerszein\"}]},{\"@type\":\"WebSite\",\"@id\":\"https:\/\/interstore.ch\/de\/#website\",\"url\":\"https:\/\/interstore.ch\/de\/\",\"name\":\"Interstore\",\"description\":\"We think Retail!\",\"potentialAction\":[{\"@type\":\"SearchAction\",\"target\":{\"@type\":\"EntryPoint\",\"urlTemplate\":\"https:\/\/interstore.ch\/de\/?s={search_term_string}\"},\"query-input\":{\"@type\":\"PropertyValueSpecification\",\"valueRequired\":true,\"valueName\":\"search_term_string\"}}],\"inLanguage\":\"de-DE\"},{\"@type\":\"Person\",\"@id\":\"https:\/\/interstore.ch\/de\/#\/schema\/person\/cea5765cb7c08af02f55c376a61f6097\",\"name\":\"Siglinde Zipperle\",\"image\":{\"@type\":\"ImageObject\",\"inLanguage\":\"de-DE\",\"@id\":\"https:\/\/interstore.ch\/de\/#\/schema\/person\/image\/\",\"url\":\"https:\/\/secure.gravatar.com\/avatar\/6bb9a134b18e0fd6648e7e114b2ff12107d94cb084905884ff5f8fbe42bd7eed?s=96&d=mm&r=g\",\"contentUrl\":\"https:\/\/secure.gravatar.com\/avatar\/6bb9a134b18e0fd6648e7e114b2ff12107d94cb084905884ff5f8fbe42bd7eed?s=96&d=mm&r=g\",\"caption\":\"Siglinde Zipperle\"},\"url\":\"https:\/\/interstore.ch\/de\/author\/siglinde\/\"}]}<\/script>\n<!-- \/ Yoast SEO plugin. -->","yoast_head_json":{"title":"Edeka Niemerszein - Interstore","robots":{"index":"index","follow":"follow","max-snippet":"max-snippet:-1","max-image-preview":"max-image-preview:large","max-video-preview":"max-video-preview:-1"},"canonical":"https:\/\/interstore.ch\/de\/edeka-niemerszein\/","og_locale":"de_DE","og_type":"article","og_title":"Edeka Niemerszein - Interstore","og_description":"Einladend, gem\u00fctlich und locker \u2013 so pr\u00e4sentiert sich der neugestaltete Markt am M\u00fchlenkamp in Hamburg seit April 2016 seinen Stammkunden und neuen Besuchern. Auf 1\u2018600m\u00b2 wurde ein gem\u00fctlicher Marktplatz mit Wochenmarktflair geschaffen. Die Idee eines Marktplatzes mit einer gem\u00fctlichen, lockeren Atmosph\u00e4re, in der sich die Kunden wie zu Hause f\u00fchlen, stand am Anfang dieses Konzeptes. [&hellip;]","og_url":"https:\/\/interstore.ch\/de\/edeka-niemerszein\/","og_site_name":"Interstore","article_published_time":"2016-09-29T08:25:46+00:00","article_modified_time":"2017-09-19T13:53:48+00:00","og_image":[{"width":1866,"height":2480,"url":"https:\/\/interstore.ch\/app\/uploads\/2016\/09\/160921_Edeka-Niemerszein_Cover2_.jpg","type":"image\/jpeg"}],"author":"Siglinde Zipperle","twitter_card":"summary_large_image","twitter_misc":{"Written by":"Siglinde Zipperle"},"schema":{"@context":"https:\/\/schema.org","@graph":[{"@type":"Article","@id":"https:\/\/interstore.ch\/de\/edeka-niemerszein\/#article","isPartOf":{"@id":"https:\/\/interstore.ch\/de\/edeka-niemerszein\/"},"author":{"name":"Siglinde Zipperle","@id":"https:\/\/interstore.ch\/de\/#\/schema\/person\/cea5765cb7c08af02f55c376a61f6097"},"headline":"Edeka Niemerszein","datePublished":"2016-09-29T08:25:46+00:00","dateModified":"2017-09-19T13:53:48+00:00","mainEntityOfPage":{"@id":"https:\/\/interstore.ch\/de\/edeka-niemerszein\/"},"wordCount":82,"commentCount":0,"image":{"@id":"https:\/\/interstore.ch\/de\/edeka-niemerszein\/#primaryimage"},"thumbnailUrl":"https:\/\/interstore.ch\/app\/uploads\/2016\/09\/160921_Edeka-Niemerszein_Cover2_.jpg","articleSection":["Projekte"],"inLanguage":"de-DE","potentialAction":[{"@type":"CommentAction","name":"Comment","target":["https:\/\/interstore.ch\/de\/edeka-niemerszein\/#respond"]}]},{"@type":"WebPage","@id":"https:\/\/interstore.ch\/de\/edeka-niemerszein\/","url":"https:\/\/interstore.ch\/de\/edeka-niemerszein\/","name":"Edeka Niemerszein - Interstore","isPartOf":{"@id":"https:\/\/interstore.ch\/de\/#website"},"primaryImageOfPage":{"@id":"https:\/\/interstore.ch\/de\/edeka-niemerszein\/#primaryimage"},"image":{"@id":"https:\/\/interstore.ch\/de\/edeka-niemerszein\/#primaryimage"},"thumbnailUrl":"https:\/\/interstore.ch\/app\/uploads\/2016\/09\/160921_Edeka-Niemerszein_Cover2_.jpg","datePublished":"2016-09-29T08:25:46+00:00","dateModified":"2017-09-19T13:53:48+00:00","author":{"@id":"https:\/\/interstore.ch\/de\/#\/schema\/person\/cea5765cb7c08af02f55c376a61f6097"},"breadcrumb":{"@id":"https:\/\/interstore.ch\/de\/edeka-niemerszein\/#breadcrumb"},"inLanguage":"de-DE","potentialAction":[{"@type":"ReadAction","target":["https:\/\/interstore.ch\/de\/edeka-niemerszein\/"]}]},{"@type":"ImageObject","inLanguage":"de-DE","@id":"https:\/\/interstore.ch\/de\/edeka-niemerszein\/#primaryimage","url":"https:\/\/interstore.ch\/app\/uploads\/2016\/09\/160921_Edeka-Niemerszein_Cover2_.jpg","contentUrl":"https:\/\/interstore.ch\/app\/uploads\/2016\/09\/160921_Edeka-Niemerszein_Cover2_.jpg","width":1866,"height":2480},{"@type":"BreadcrumbList","@id":"https:\/\/interstore.ch\/de\/edeka-niemerszein\/#breadcrumb","itemListElement":[{"@type":"ListItem","position":1,"name":"Home","item":"https:\/\/interstore.ch\/de\/"},{"@type":"ListItem","position":2,"name":"Edeka Niemerszein"}]},{"@type":"WebSite","@id":"https:\/\/interstore.ch\/de\/#website","url":"https:\/\/interstore.ch\/de\/","name":"Interstore","description":"We think Retail!","potentialAction":[{"@type":"SearchAction","target":{"@type":"EntryPoint","urlTemplate":"https:\/\/interstore.ch\/de\/?s={search_term_string}"},"query-input":{"@type":"PropertyValueSpecification","valueRequired":true,"valueName":"search_term_string"}}],"inLanguage":"de-DE"},{"@type":"Person","@id":"https:\/\/interstore.ch\/de\/#\/schema\/person\/cea5765cb7c08af02f55c376a61f6097","name":"Siglinde Zipperle","image":{"@type":"ImageObject","inLanguage":"de-DE","@id":"https:\/\/interstore.ch\/de\/#\/schema\/person\/image\/","url":"https:\/\/secure.gravatar.com\/avatar\/6bb9a134b18e0fd6648e7e114b2ff12107d94cb084905884ff5f8fbe42bd7eed?s=96&d=mm&r=g","contentUrl":"https:\/\/secure.gravatar.com\/avatar\/6bb9a134b18e0fd6648e7e114b2ff12107d94cb084905884ff5f8fbe42bd7eed?s=96&d=mm&r=g","caption":"Siglinde Zipperle"},"url":"https:\/\/interstore.ch\/de\/author\/siglinde\/"}]}},"_links":{"self":[{"href":"https:\/\/interstore.ch\/de\/wp-json\/wp\/v2\/posts\/1878","targetHints":{"allow":["GET"]}}],"collection":[{"href":"https:\/\/interstore.ch\/de\/wp-json\/wp\/v2\/posts"}],"about":[{"href":"https:\/\/interstore.ch\/de\/wp-json\/wp\/v2\/types\/post"}],"author":[{"embeddable":true,"href":"https:\/\/interstore.ch\/de\/wp-json\/wp\/v2\/users\/2"}],"replies":[{"embeddable":true,"href":"https:\/\/interstore.ch\/de\/wp-json\/wp\/v2\/comments?post=1878"}],"version-history":[{"count":3,"href":"https:\/\/interstore.ch\/de\/wp-json\/wp\/v2\/posts\/1878\/revisions"}],"predecessor-version":[{"id":2755,"href":"https:\/\/interstore.ch\/de\/wp-json\/wp\/v2\/posts\/1878\/revisions\/2755"}],"wp:featuredmedia":[{"embeddable":true,"href":"https:\/\/interstore.ch\/de\/wp-json\/wp\/v2\/media\/1872"}],"wp:attachment":[{"href":"https:\/\/interstore.ch\/de\/wp-json\/wp\/v2\/media?parent=1878"}],"wp:term":[{"taxonomy":"category","embeddable":true,"href":"https:\/\/interstore.ch\/de\/wp-json\/wp\/v2\/categories?post=1878"},{"taxonomy":"post_tag","embeddable":true,"href":"https:\/\/interstore.ch\/de\/wp-json\/wp\/v2\/tags?post=1878"}],"curies":[{"name":"wp","href":"https:\/\/api.w.org\/{rel}","templated":true}]}}