{"id":2354,"date":"2017-04-12T13:57:47","date_gmt":"2017-04-12T13:57:47","guid":{"rendered":"https:\/\/interstore.ch\/?p=2354\/"},"modified":"2017-09-19T14:42:38","modified_gmt":"2017-09-19T14:42:38","slug":"migros-lugano","status":"publish","type":"post","link":"https:\/\/interstore.ch\/de\/migros-lugano\/","title":{"rendered":"Migros Lugano"},"content":{"rendered":"<p>Mit leckeren Panini, ofenfrischer Pizza und perfekt ger\u00f6stetem, italienischem Kaffee wird der Kunde im Erdgeschoss des umgebauten Migros Warenhauses in Lugano (CH) begr\u00fc\u00dft. Das Ziel der Neugestaltung war es, die frischen Produkte und deren Verarbeitung direkt auf der Fl\u00e4che zu betonen.<br \/>\nNicht nur im \u00abDe Gustibus\u00bb, dem Bistro-Bereich im Erdgeschoss, sondern auch im ca. 1\u2018800m\u00b2 gro\u00dfen Supermarkt im Untergeschoss ist dieser Fokus auf die Frische deutlich sp\u00fcrbar. Neu entwickelte K\u00fchltheken in elegantem, zur\u00fcckhaltendem Design mit variieren-den Holzverkleidungen pr\u00e4sentieren die Ware selbst als Highlight.<\/p>\n","protected":false},"excerpt":{"rendered":"<p>Mit leckeren Panini, ofenfrischer Pizza und perfekt ger\u00f6stetem, italienischem Kaffee wird der Kunde im Erdgeschoss des umgebauten Migros Warenhauses in Lugano (CH) begr\u00fc\u00dft. Das Ziel der Neugestaltung war es, die frischen Produkte und deren Verarbeitung direkt auf der Fl\u00e4che zu betonen. Nicht nur im \u00abDe Gustibus\u00bb, dem Bistro-Bereich im Erdgeschoss, sondern auch im ca. 1\u2018800m\u00b2 [&hellip;]<\/p>\n","protected":false},"author":2,"featured_media":2350,"comment_status":"open","ping_status":"open","sticky":false,"template":"","format":"standard","meta":{"_acf_changed":false,"footnotes":""},"categories":[6],"tags":[],"class_list":["post-2354","post","type-post","status-publish","format-standard","has-post-thumbnail","hentry","category-projekte"],"acf":[],"yoast_head":"<!-- This site is optimized with the Yoast SEO plugin v27.0 - https:\/\/yoast.com\/product\/yoast-seo-wordpress\/ -->\n<title>Migros Lugano - Interstore<\/title>\n<meta name=\"robots\" content=\"index, follow, max-snippet:-1, max-image-preview:large, max-video-preview:-1\" \/>\n<link rel=\"canonical\" href=\"https:\/\/interstore.ch\/de\/migros-lugano\/\" \/>\n<meta property=\"og:locale\" content=\"de_DE\" \/>\n<meta property=\"og:type\" content=\"article\" \/>\n<meta property=\"og:title\" content=\"Migros Lugano - Interstore\" \/>\n<meta property=\"og:description\" content=\"Mit leckeren Panini, ofenfrischer Pizza und perfekt ger\u00f6stetem, italienischem Kaffee wird der Kunde im Erdgeschoss des umgebauten Migros Warenhauses in Lugano (CH) begr\u00fc\u00dft. Das Ziel der Neugestaltung war es, die frischen Produkte und deren Verarbeitung direkt auf der Fl\u00e4che zu betonen. Nicht nur im \u00abDe Gustibus\u00bb, dem Bistro-Bereich im Erdgeschoss, sondern auch im ca. 1\u2018800m\u00b2 [&hellip;]\" \/>\n<meta property=\"og:url\" content=\"https:\/\/interstore.ch\/de\/migros-lugano\/\" \/>\n<meta property=\"og:site_name\" content=\"Interstore\" \/>\n<meta property=\"article:published_time\" content=\"2017-04-12T13:57:47+00:00\" \/>\n<meta property=\"article:modified_time\" content=\"2017-09-19T14:42:38+00:00\" \/>\n<meta property=\"og:image\" content=\"https:\/\/interstore.ch\/app\/uploads\/2017\/04\/Cover_Migros-Lugano.jpg\" \/>\n\t<meta property=\"og:image:width\" content=\"1866\" \/>\n\t<meta property=\"og:image:height\" content=\"2480\" \/>\n\t<meta property=\"og:image:type\" content=\"image\/jpeg\" \/>\n<meta name=\"author\" content=\"Siglinde Zipperle\" \/>\n<meta name=\"twitter:card\" content=\"summary_large_image\" \/>\n<meta name=\"twitter:label1\" content=\"Written by\" \/>\n\t<meta name=\"twitter:data1\" content=\"Siglinde Zipperle\" \/>\n<script type=\"application\/ld+json\" class=\"yoast-schema-graph\">{\"@context\":\"https:\/\/schema.org\",\"@graph\":[{\"@type\":\"Article\",\"@id\":\"https:\/\/interstore.ch\/de\/migros-lugano\/#article\",\"isPartOf\":{\"@id\":\"https:\/\/interstore.ch\/de\/migros-lugano\/\"},\"author\":{\"name\":\"Siglinde Zipperle\",\"@id\":\"https:\/\/interstore.ch\/de\/#\/schema\/person\/cea5765cb7c08af02f55c376a61f6097\"},\"headline\":\"Migros Lugano\",\"datePublished\":\"2017-04-12T13:57:47+00:00\",\"dateModified\":\"2017-09-19T14:42:38+00:00\",\"mainEntityOfPage\":{\"@id\":\"https:\/\/interstore.ch\/de\/migros-lugano\/\"},\"wordCount\":93,\"commentCount\":0,\"image\":{\"@id\":\"https:\/\/interstore.ch\/de\/migros-lugano\/#primaryimage\"},\"thumbnailUrl\":\"https:\/\/interstore.ch\/app\/uploads\/2017\/04\/Cover_Migros-Lugano.jpg\",\"articleSection\":[\"Projekte\"],\"inLanguage\":\"de-DE\",\"potentialAction\":[{\"@type\":\"CommentAction\",\"name\":\"Comment\",\"target\":[\"https:\/\/interstore.ch\/de\/migros-lugano\/#respond\"]}]},{\"@type\":\"WebPage\",\"@id\":\"https:\/\/interstore.ch\/de\/migros-lugano\/\",\"url\":\"https:\/\/interstore.ch\/de\/migros-lugano\/\",\"name\":\"Migros Lugano - Interstore\",\"isPartOf\":{\"@id\":\"https:\/\/interstore.ch\/de\/#website\"},\"primaryImageOfPage\":{\"@id\":\"https:\/\/interstore.ch\/de\/migros-lugano\/#primaryimage\"},\"image\":{\"@id\":\"https:\/\/interstore.ch\/de\/migros-lugano\/#primaryimage\"},\"thumbnailUrl\":\"https:\/\/interstore.ch\/app\/uploads\/2017\/04\/Cover_Migros-Lugano.jpg\",\"datePublished\":\"2017-04-12T13:57:47+00:00\",\"dateModified\":\"2017-09-19T14:42:38+00:00\",\"author\":{\"@id\":\"https:\/\/interstore.ch\/de\/#\/schema\/person\/cea5765cb7c08af02f55c376a61f6097\"},\"breadcrumb\":{\"@id\":\"https:\/\/interstore.ch\/de\/migros-lugano\/#breadcrumb\"},\"inLanguage\":\"de-DE\",\"potentialAction\":[{\"@type\":\"ReadAction\",\"target\":[\"https:\/\/interstore.ch\/de\/migros-lugano\/\"]}]},{\"@type\":\"ImageObject\",\"inLanguage\":\"de-DE\",\"@id\":\"https:\/\/interstore.ch\/de\/migros-lugano\/#primaryimage\",\"url\":\"https:\/\/interstore.ch\/app\/uploads\/2017\/04\/Cover_Migros-Lugano.jpg\",\"contentUrl\":\"https:\/\/interstore.ch\/app\/uploads\/2017\/04\/Cover_Migros-Lugano.jpg\",\"width\":1866,\"height\":2480},{\"@type\":\"BreadcrumbList\",\"@id\":\"https:\/\/interstore.ch\/de\/migros-lugano\/#breadcrumb\",\"itemListElement\":[{\"@type\":\"ListItem\",\"position\":1,\"name\":\"Home\",\"item\":\"https:\/\/interstore.ch\/de\/\"},{\"@type\":\"ListItem\",\"position\":2,\"name\":\"Migros Lugano\"}]},{\"@type\":\"WebSite\",\"@id\":\"https:\/\/interstore.ch\/de\/#website\",\"url\":\"https:\/\/interstore.ch\/de\/\",\"name\":\"Interstore\",\"description\":\"We think Retail!\",\"potentialAction\":[{\"@type\":\"SearchAction\",\"target\":{\"@type\":\"EntryPoint\",\"urlTemplate\":\"https:\/\/interstore.ch\/de\/?s={search_term_string}\"},\"query-input\":{\"@type\":\"PropertyValueSpecification\",\"valueRequired\":true,\"valueName\":\"search_term_string\"}}],\"inLanguage\":\"de-DE\"},{\"@type\":\"Person\",\"@id\":\"https:\/\/interstore.ch\/de\/#\/schema\/person\/cea5765cb7c08af02f55c376a61f6097\",\"name\":\"Siglinde Zipperle\",\"image\":{\"@type\":\"ImageObject\",\"inLanguage\":\"de-DE\",\"@id\":\"https:\/\/interstore.ch\/de\/#\/schema\/person\/image\/\",\"url\":\"https:\/\/secure.gravatar.com\/avatar\/6bb9a134b18e0fd6648e7e114b2ff12107d94cb084905884ff5f8fbe42bd7eed?s=96&d=mm&r=g\",\"contentUrl\":\"https:\/\/secure.gravatar.com\/avatar\/6bb9a134b18e0fd6648e7e114b2ff12107d94cb084905884ff5f8fbe42bd7eed?s=96&d=mm&r=g\",\"caption\":\"Siglinde Zipperle\"},\"url\":\"https:\/\/interstore.ch\/de\/author\/siglinde\/\"}]}<\/script>\n<!-- \/ Yoast SEO plugin. -->","yoast_head_json":{"title":"Migros Lugano - Interstore","robots":{"index":"index","follow":"follow","max-snippet":"max-snippet:-1","max-image-preview":"max-image-preview:large","max-video-preview":"max-video-preview:-1"},"canonical":"https:\/\/interstore.ch\/de\/migros-lugano\/","og_locale":"de_DE","og_type":"article","og_title":"Migros Lugano - Interstore","og_description":"Mit leckeren Panini, ofenfrischer Pizza und perfekt ger\u00f6stetem, italienischem Kaffee wird der Kunde im Erdgeschoss des umgebauten Migros Warenhauses in Lugano (CH) begr\u00fc\u00dft. Das Ziel der Neugestaltung war es, die frischen Produkte und deren Verarbeitung direkt auf der Fl\u00e4che zu betonen. Nicht nur im \u00abDe Gustibus\u00bb, dem Bistro-Bereich im Erdgeschoss, sondern auch im ca. 1\u2018800m\u00b2 [&hellip;]","og_url":"https:\/\/interstore.ch\/de\/migros-lugano\/","og_site_name":"Interstore","article_published_time":"2017-04-12T13:57:47+00:00","article_modified_time":"2017-09-19T14:42:38+00:00","og_image":[{"width":1866,"height":2480,"url":"https:\/\/interstore.ch\/app\/uploads\/2017\/04\/Cover_Migros-Lugano.jpg","type":"image\/jpeg"}],"author":"Siglinde Zipperle","twitter_card":"summary_large_image","twitter_misc":{"Written by":"Siglinde Zipperle"},"schema":{"@context":"https:\/\/schema.org","@graph":[{"@type":"Article","@id":"https:\/\/interstore.ch\/de\/migros-lugano\/#article","isPartOf":{"@id":"https:\/\/interstore.ch\/de\/migros-lugano\/"},"author":{"name":"Siglinde Zipperle","@id":"https:\/\/interstore.ch\/de\/#\/schema\/person\/cea5765cb7c08af02f55c376a61f6097"},"headline":"Migros Lugano","datePublished":"2017-04-12T13:57:47+00:00","dateModified":"2017-09-19T14:42:38+00:00","mainEntityOfPage":{"@id":"https:\/\/interstore.ch\/de\/migros-lugano\/"},"wordCount":93,"commentCount":0,"image":{"@id":"https:\/\/interstore.ch\/de\/migros-lugano\/#primaryimage"},"thumbnailUrl":"https:\/\/interstore.ch\/app\/uploads\/2017\/04\/Cover_Migros-Lugano.jpg","articleSection":["Projekte"],"inLanguage":"de-DE","potentialAction":[{"@type":"CommentAction","name":"Comment","target":["https:\/\/interstore.ch\/de\/migros-lugano\/#respond"]}]},{"@type":"WebPage","@id":"https:\/\/interstore.ch\/de\/migros-lugano\/","url":"https:\/\/interstore.ch\/de\/migros-lugano\/","name":"Migros Lugano - Interstore","isPartOf":{"@id":"https:\/\/interstore.ch\/de\/#website"},"primaryImageOfPage":{"@id":"https:\/\/interstore.ch\/de\/migros-lugano\/#primaryimage"},"image":{"@id":"https:\/\/interstore.ch\/de\/migros-lugano\/#primaryimage"},"thumbnailUrl":"https:\/\/interstore.ch\/app\/uploads\/2017\/04\/Cover_Migros-Lugano.jpg","datePublished":"2017-04-12T13:57:47+00:00","dateModified":"2017-09-19T14:42:38+00:00","author":{"@id":"https:\/\/interstore.ch\/de\/#\/schema\/person\/cea5765cb7c08af02f55c376a61f6097"},"breadcrumb":{"@id":"https:\/\/interstore.ch\/de\/migros-lugano\/#breadcrumb"},"inLanguage":"de-DE","potentialAction":[{"@type":"ReadAction","target":["https:\/\/interstore.ch\/de\/migros-lugano\/"]}]},{"@type":"ImageObject","inLanguage":"de-DE","@id":"https:\/\/interstore.ch\/de\/migros-lugano\/#primaryimage","url":"https:\/\/interstore.ch\/app\/uploads\/2017\/04\/Cover_Migros-Lugano.jpg","contentUrl":"https:\/\/interstore.ch\/app\/uploads\/2017\/04\/Cover_Migros-Lugano.jpg","width":1866,"height":2480},{"@type":"BreadcrumbList","@id":"https:\/\/interstore.ch\/de\/migros-lugano\/#breadcrumb","itemListElement":[{"@type":"ListItem","position":1,"name":"Home","item":"https:\/\/interstore.ch\/de\/"},{"@type":"ListItem","position":2,"name":"Migros Lugano"}]},{"@type":"WebSite","@id":"https:\/\/interstore.ch\/de\/#website","url":"https:\/\/interstore.ch\/de\/","name":"Interstore","description":"We think Retail!","potentialAction":[{"@type":"SearchAction","target":{"@type":"EntryPoint","urlTemplate":"https:\/\/interstore.ch\/de\/?s={search_term_string}"},"query-input":{"@type":"PropertyValueSpecification","valueRequired":true,"valueName":"search_term_string"}}],"inLanguage":"de-DE"},{"@type":"Person","@id":"https:\/\/interstore.ch\/de\/#\/schema\/person\/cea5765cb7c08af02f55c376a61f6097","name":"Siglinde Zipperle","image":{"@type":"ImageObject","inLanguage":"de-DE","@id":"https:\/\/interstore.ch\/de\/#\/schema\/person\/image\/","url":"https:\/\/secure.gravatar.com\/avatar\/6bb9a134b18e0fd6648e7e114b2ff12107d94cb084905884ff5f8fbe42bd7eed?s=96&d=mm&r=g","contentUrl":"https:\/\/secure.gravatar.com\/avatar\/6bb9a134b18e0fd6648e7e114b2ff12107d94cb084905884ff5f8fbe42bd7eed?s=96&d=mm&r=g","caption":"Siglinde Zipperle"},"url":"https:\/\/interstore.ch\/de\/author\/siglinde\/"}]}},"_links":{"self":[{"href":"https:\/\/interstore.ch\/de\/wp-json\/wp\/v2\/posts\/2354","targetHints":{"allow":["GET"]}}],"collection":[{"href":"https:\/\/interstore.ch\/de\/wp-json\/wp\/v2\/posts"}],"about":[{"href":"https:\/\/interstore.ch\/de\/wp-json\/wp\/v2\/types\/post"}],"author":[{"embeddable":true,"href":"https:\/\/interstore.ch\/de\/wp-json\/wp\/v2\/users\/2"}],"replies":[{"embeddable":true,"href":"https:\/\/interstore.ch\/de\/wp-json\/wp\/v2\/comments?post=2354"}],"version-history":[{"count":2,"href":"https:\/\/interstore.ch\/de\/wp-json\/wp\/v2\/posts\/2354\/revisions"}],"predecessor-version":[{"id":2806,"href":"https:\/\/interstore.ch\/de\/wp-json\/wp\/v2\/posts\/2354\/revisions\/2806"}],"wp:featuredmedia":[{"embeddable":true,"href":"https:\/\/interstore.ch\/de\/wp-json\/wp\/v2\/media\/2350"}],"wp:attachment":[{"href":"https:\/\/interstore.ch\/de\/wp-json\/wp\/v2\/media?parent=2354"}],"wp:term":[{"taxonomy":"category","embeddable":true,"href":"https:\/\/interstore.ch\/de\/wp-json\/wp\/v2\/categories?post=2354"},{"taxonomy":"post_tag","embeddable":true,"href":"https:\/\/interstore.ch\/de\/wp-json\/wp\/v2\/tags?post=2354"}],"curies":[{"name":"wp","href":"https:\/\/api.w.org\/{rel}","templated":true}]}}