{"id":2394,"date":"2017-05-19T09:43:49","date_gmt":"2017-05-19T09:43:49","guid":{"rendered":"https:\/\/interstore.ch\/?p=2394\/"},"modified":"2017-09-20T11:42:53","modified_gmt":"2017-09-20T11:42:53","slug":"rewe-2020","status":"publish","type":"post","link":"https:\/\/interstore.ch\/de\/rewe-2020\/","title":{"rendered":"REWE 2020"},"content":{"rendered":"<p>Frische, Flexibilit\u00e4t, Regionalit\u00e4t, mehr Pers\u00f6nlichkeit und Kundenn\u00e4he \u2013 diese Schwerpunkte hat sich REWE f\u00fcr die Zukunft gesetzt. Um diese zu erreichen, wurde von Interstore ein vollst\u00e4ndiges Storekonzept mit neuer Positionierung ausgearbeitet und gemeinsam mit Schweitzer Project an insgesamt 4 Teststandorten in Deutschland umgesetzt.<br \/>\nUnter dem Motto \u00abMein REWE\u00bb pr\u00e4sentiert sich der Lebensmittelkonzern in diesen Testfilialen auf je ca. 2\u2018000m\u00b2 seinen Kunden als regionaler Marktplatz aus der Nachbarschaft, mit einem starken Fokus auf Frische, Convenience und regionale Produkte.<\/p>\n","protected":false},"excerpt":{"rendered":"<p>Frische, Flexibilit\u00e4t, Regionalit\u00e4t, mehr Pers\u00f6nlichkeit und Kundenn\u00e4he \u2013 diese Schwerpunkte hat sich REWE f\u00fcr die Zukunft gesetzt. Um diese zu erreichen, wurde von Interstore ein vollst\u00e4ndiges Storekonzept mit neuer Positionierung ausgearbeitet und gemeinsam mit Schweitzer Project an insgesamt 4 Teststandorten in Deutschland umgesetzt. Unter dem Motto \u00abMein REWE\u00bb pr\u00e4sentiert sich der Lebensmittelkonzern in diesen Testfilialen [&hellip;]<\/p>\n","protected":false},"author":2,"featured_media":2390,"comment_status":"open","ping_status":"open","sticky":false,"template":"","format":"standard","meta":{"_acf_changed":false,"footnotes":""},"categories":[6],"tags":[],"class_list":["post-2394","post","type-post","status-publish","format-standard","has-post-thumbnail","hentry","category-projekte"],"acf":[],"yoast_head":"<!-- This site is optimized with the Yoast SEO plugin v27.0 - https:\/\/yoast.com\/product\/yoast-seo-wordpress\/ -->\n<title>REWE 2020 - Interstore<\/title>\n<meta name=\"robots\" content=\"index, follow, max-snippet:-1, max-image-preview:large, max-video-preview:-1\" \/>\n<link rel=\"canonical\" href=\"https:\/\/interstore.ch\/de\/rewe-2020\/\" \/>\n<meta property=\"og:locale\" content=\"de_DE\" \/>\n<meta property=\"og:type\" content=\"article\" \/>\n<meta property=\"og:title\" content=\"REWE 2020 - Interstore\" \/>\n<meta property=\"og:description\" content=\"Frische, Flexibilit\u00e4t, Regionalit\u00e4t, mehr Pers\u00f6nlichkeit und Kundenn\u00e4he \u2013 diese Schwerpunkte hat sich REWE f\u00fcr die Zukunft gesetzt. Um diese zu erreichen, wurde von Interstore ein vollst\u00e4ndiges Storekonzept mit neuer Positionierung ausgearbeitet und gemeinsam mit Schweitzer Project an insgesamt 4 Teststandorten in Deutschland umgesetzt. Unter dem Motto \u00abMein REWE\u00bb pr\u00e4sentiert sich der Lebensmittelkonzern in diesen Testfilialen [&hellip;]\" \/>\n<meta property=\"og:url\" content=\"https:\/\/interstore.ch\/de\/rewe-2020\/\" \/>\n<meta property=\"og:site_name\" content=\"Interstore\" \/>\n<meta property=\"article:published_time\" content=\"2017-05-19T09:43:49+00:00\" \/>\n<meta property=\"article:modified_time\" content=\"2017-09-20T11:42:53+00:00\" \/>\n<meta property=\"og:image\" content=\"https:\/\/interstore.ch\/app\/uploads\/2017\/05\/Cover_REWE.jpg\" \/>\n\t<meta property=\"og:image:width\" content=\"1244\" \/>\n\t<meta property=\"og:image:height\" content=\"1654\" \/>\n\t<meta property=\"og:image:type\" content=\"image\/jpeg\" \/>\n<meta name=\"author\" content=\"Siglinde Zipperle\" \/>\n<meta name=\"twitter:card\" content=\"summary_large_image\" \/>\n<meta name=\"twitter:label1\" content=\"Written by\" \/>\n\t<meta name=\"twitter:data1\" content=\"Siglinde Zipperle\" \/>\n<script type=\"application\/ld+json\" class=\"yoast-schema-graph\">{\"@context\":\"https:\/\/schema.org\",\"@graph\":[{\"@type\":\"Article\",\"@id\":\"https:\/\/interstore.ch\/de\/rewe-2020\/#article\",\"isPartOf\":{\"@id\":\"https:\/\/interstore.ch\/de\/rewe-2020\/\"},\"author\":{\"name\":\"Siglinde Zipperle\",\"@id\":\"https:\/\/interstore.ch\/de\/#\/schema\/person\/cea5765cb7c08af02f55c376a61f6097\"},\"headline\":\"REWE 2020\",\"datePublished\":\"2017-05-19T09:43:49+00:00\",\"dateModified\":\"2017-09-20T11:42:53+00:00\",\"mainEntityOfPage\":{\"@id\":\"https:\/\/interstore.ch\/de\/rewe-2020\/\"},\"wordCount\":83,\"commentCount\":0,\"image\":{\"@id\":\"https:\/\/interstore.ch\/de\/rewe-2020\/#primaryimage\"},\"thumbnailUrl\":\"https:\/\/interstore.ch\/app\/uploads\/2017\/05\/Cover_REWE.jpg\",\"articleSection\":[\"Projekte\"],\"inLanguage\":\"de-DE\",\"potentialAction\":[{\"@type\":\"CommentAction\",\"name\":\"Comment\",\"target\":[\"https:\/\/interstore.ch\/de\/rewe-2020\/#respond\"]}]},{\"@type\":\"WebPage\",\"@id\":\"https:\/\/interstore.ch\/de\/rewe-2020\/\",\"url\":\"https:\/\/interstore.ch\/de\/rewe-2020\/\",\"name\":\"REWE 2020 - Interstore\",\"isPartOf\":{\"@id\":\"https:\/\/interstore.ch\/de\/#website\"},\"primaryImageOfPage\":{\"@id\":\"https:\/\/interstore.ch\/de\/rewe-2020\/#primaryimage\"},\"image\":{\"@id\":\"https:\/\/interstore.ch\/de\/rewe-2020\/#primaryimage\"},\"thumbnailUrl\":\"https:\/\/interstore.ch\/app\/uploads\/2017\/05\/Cover_REWE.jpg\",\"datePublished\":\"2017-05-19T09:43:49+00:00\",\"dateModified\":\"2017-09-20T11:42:53+00:00\",\"author\":{\"@id\":\"https:\/\/interstore.ch\/de\/#\/schema\/person\/cea5765cb7c08af02f55c376a61f6097\"},\"breadcrumb\":{\"@id\":\"https:\/\/interstore.ch\/de\/rewe-2020\/#breadcrumb\"},\"inLanguage\":\"de-DE\",\"potentialAction\":[{\"@type\":\"ReadAction\",\"target\":[\"https:\/\/interstore.ch\/de\/rewe-2020\/\"]}]},{\"@type\":\"ImageObject\",\"inLanguage\":\"de-DE\",\"@id\":\"https:\/\/interstore.ch\/de\/rewe-2020\/#primaryimage\",\"url\":\"https:\/\/interstore.ch\/app\/uploads\/2017\/05\/Cover_REWE.jpg\",\"contentUrl\":\"https:\/\/interstore.ch\/app\/uploads\/2017\/05\/Cover_REWE.jpg\",\"width\":1244,\"height\":1654},{\"@type\":\"BreadcrumbList\",\"@id\":\"https:\/\/interstore.ch\/de\/rewe-2020\/#breadcrumb\",\"itemListElement\":[{\"@type\":\"ListItem\",\"position\":1,\"name\":\"Home\",\"item\":\"https:\/\/interstore.ch\/de\/\"},{\"@type\":\"ListItem\",\"position\":2,\"name\":\"REWE 2020\"}]},{\"@type\":\"WebSite\",\"@id\":\"https:\/\/interstore.ch\/de\/#website\",\"url\":\"https:\/\/interstore.ch\/de\/\",\"name\":\"Interstore\",\"description\":\"We think Retail!\",\"potentialAction\":[{\"@type\":\"SearchAction\",\"target\":{\"@type\":\"EntryPoint\",\"urlTemplate\":\"https:\/\/interstore.ch\/de\/?s={search_term_string}\"},\"query-input\":{\"@type\":\"PropertyValueSpecification\",\"valueRequired\":true,\"valueName\":\"search_term_string\"}}],\"inLanguage\":\"de-DE\"},{\"@type\":\"Person\",\"@id\":\"https:\/\/interstore.ch\/de\/#\/schema\/person\/cea5765cb7c08af02f55c376a61f6097\",\"name\":\"Siglinde Zipperle\",\"image\":{\"@type\":\"ImageObject\",\"inLanguage\":\"de-DE\",\"@id\":\"https:\/\/interstore.ch\/de\/#\/schema\/person\/image\/\",\"url\":\"https:\/\/secure.gravatar.com\/avatar\/6bb9a134b18e0fd6648e7e114b2ff12107d94cb084905884ff5f8fbe42bd7eed?s=96&d=mm&r=g\",\"contentUrl\":\"https:\/\/secure.gravatar.com\/avatar\/6bb9a134b18e0fd6648e7e114b2ff12107d94cb084905884ff5f8fbe42bd7eed?s=96&d=mm&r=g\",\"caption\":\"Siglinde Zipperle\"},\"url\":\"https:\/\/interstore.ch\/de\/author\/siglinde\/\"}]}<\/script>\n<!-- \/ Yoast SEO plugin. -->","yoast_head_json":{"title":"REWE 2020 - Interstore","robots":{"index":"index","follow":"follow","max-snippet":"max-snippet:-1","max-image-preview":"max-image-preview:large","max-video-preview":"max-video-preview:-1"},"canonical":"https:\/\/interstore.ch\/de\/rewe-2020\/","og_locale":"de_DE","og_type":"article","og_title":"REWE 2020 - Interstore","og_description":"Frische, Flexibilit\u00e4t, Regionalit\u00e4t, mehr Pers\u00f6nlichkeit und Kundenn\u00e4he \u2013 diese Schwerpunkte hat sich REWE f\u00fcr die Zukunft gesetzt. Um diese zu erreichen, wurde von Interstore ein vollst\u00e4ndiges Storekonzept mit neuer Positionierung ausgearbeitet und gemeinsam mit Schweitzer Project an insgesamt 4 Teststandorten in Deutschland umgesetzt. Unter dem Motto \u00abMein REWE\u00bb pr\u00e4sentiert sich der Lebensmittelkonzern in diesen Testfilialen [&hellip;]","og_url":"https:\/\/interstore.ch\/de\/rewe-2020\/","og_site_name":"Interstore","article_published_time":"2017-05-19T09:43:49+00:00","article_modified_time":"2017-09-20T11:42:53+00:00","og_image":[{"width":1244,"height":1654,"url":"https:\/\/interstore.ch\/app\/uploads\/2017\/05\/Cover_REWE.jpg","type":"image\/jpeg"}],"author":"Siglinde Zipperle","twitter_card":"summary_large_image","twitter_misc":{"Written by":"Siglinde Zipperle"},"schema":{"@context":"https:\/\/schema.org","@graph":[{"@type":"Article","@id":"https:\/\/interstore.ch\/de\/rewe-2020\/#article","isPartOf":{"@id":"https:\/\/interstore.ch\/de\/rewe-2020\/"},"author":{"name":"Siglinde Zipperle","@id":"https:\/\/interstore.ch\/de\/#\/schema\/person\/cea5765cb7c08af02f55c376a61f6097"},"headline":"REWE 2020","datePublished":"2017-05-19T09:43:49+00:00","dateModified":"2017-09-20T11:42:53+00:00","mainEntityOfPage":{"@id":"https:\/\/interstore.ch\/de\/rewe-2020\/"},"wordCount":83,"commentCount":0,"image":{"@id":"https:\/\/interstore.ch\/de\/rewe-2020\/#primaryimage"},"thumbnailUrl":"https:\/\/interstore.ch\/app\/uploads\/2017\/05\/Cover_REWE.jpg","articleSection":["Projekte"],"inLanguage":"de-DE","potentialAction":[{"@type":"CommentAction","name":"Comment","target":["https:\/\/interstore.ch\/de\/rewe-2020\/#respond"]}]},{"@type":"WebPage","@id":"https:\/\/interstore.ch\/de\/rewe-2020\/","url":"https:\/\/interstore.ch\/de\/rewe-2020\/","name":"REWE 2020 - Interstore","isPartOf":{"@id":"https:\/\/interstore.ch\/de\/#website"},"primaryImageOfPage":{"@id":"https:\/\/interstore.ch\/de\/rewe-2020\/#primaryimage"},"image":{"@id":"https:\/\/interstore.ch\/de\/rewe-2020\/#primaryimage"},"thumbnailUrl":"https:\/\/interstore.ch\/app\/uploads\/2017\/05\/Cover_REWE.jpg","datePublished":"2017-05-19T09:43:49+00:00","dateModified":"2017-09-20T11:42:53+00:00","author":{"@id":"https:\/\/interstore.ch\/de\/#\/schema\/person\/cea5765cb7c08af02f55c376a61f6097"},"breadcrumb":{"@id":"https:\/\/interstore.ch\/de\/rewe-2020\/#breadcrumb"},"inLanguage":"de-DE","potentialAction":[{"@type":"ReadAction","target":["https:\/\/interstore.ch\/de\/rewe-2020\/"]}]},{"@type":"ImageObject","inLanguage":"de-DE","@id":"https:\/\/interstore.ch\/de\/rewe-2020\/#primaryimage","url":"https:\/\/interstore.ch\/app\/uploads\/2017\/05\/Cover_REWE.jpg","contentUrl":"https:\/\/interstore.ch\/app\/uploads\/2017\/05\/Cover_REWE.jpg","width":1244,"height":1654},{"@type":"BreadcrumbList","@id":"https:\/\/interstore.ch\/de\/rewe-2020\/#breadcrumb","itemListElement":[{"@type":"ListItem","position":1,"name":"Home","item":"https:\/\/interstore.ch\/de\/"},{"@type":"ListItem","position":2,"name":"REWE 2020"}]},{"@type":"WebSite","@id":"https:\/\/interstore.ch\/de\/#website","url":"https:\/\/interstore.ch\/de\/","name":"Interstore","description":"We think Retail!","potentialAction":[{"@type":"SearchAction","target":{"@type":"EntryPoint","urlTemplate":"https:\/\/interstore.ch\/de\/?s={search_term_string}"},"query-input":{"@type":"PropertyValueSpecification","valueRequired":true,"valueName":"search_term_string"}}],"inLanguage":"de-DE"},{"@type":"Person","@id":"https:\/\/interstore.ch\/de\/#\/schema\/person\/cea5765cb7c08af02f55c376a61f6097","name":"Siglinde Zipperle","image":{"@type":"ImageObject","inLanguage":"de-DE","@id":"https:\/\/interstore.ch\/de\/#\/schema\/person\/image\/","url":"https:\/\/secure.gravatar.com\/avatar\/6bb9a134b18e0fd6648e7e114b2ff12107d94cb084905884ff5f8fbe42bd7eed?s=96&d=mm&r=g","contentUrl":"https:\/\/secure.gravatar.com\/avatar\/6bb9a134b18e0fd6648e7e114b2ff12107d94cb084905884ff5f8fbe42bd7eed?s=96&d=mm&r=g","caption":"Siglinde Zipperle"},"url":"https:\/\/interstore.ch\/de\/author\/siglinde\/"}]}},"_links":{"self":[{"href":"https:\/\/interstore.ch\/de\/wp-json\/wp\/v2\/posts\/2394","targetHints":{"allow":["GET"]}}],"collection":[{"href":"https:\/\/interstore.ch\/de\/wp-json\/wp\/v2\/posts"}],"about":[{"href":"https:\/\/interstore.ch\/de\/wp-json\/wp\/v2\/types\/post"}],"author":[{"embeddable":true,"href":"https:\/\/interstore.ch\/de\/wp-json\/wp\/v2\/users\/2"}],"replies":[{"embeddable":true,"href":"https:\/\/interstore.ch\/de\/wp-json\/wp\/v2\/comments?post=2394"}],"version-history":[{"count":5,"href":"https:\/\/interstore.ch\/de\/wp-json\/wp\/v2\/posts\/2394\/revisions"}],"predecessor-version":[{"id":2860,"href":"https:\/\/interstore.ch\/de\/wp-json\/wp\/v2\/posts\/2394\/revisions\/2860"}],"wp:featuredmedia":[{"embeddable":true,"href":"https:\/\/interstore.ch\/de\/wp-json\/wp\/v2\/media\/2390"}],"wp:attachment":[{"href":"https:\/\/interstore.ch\/de\/wp-json\/wp\/v2\/media?parent=2394"}],"wp:term":[{"taxonomy":"category","embeddable":true,"href":"https:\/\/interstore.ch\/de\/wp-json\/wp\/v2\/categories?post=2394"},{"taxonomy":"post_tag","embeddable":true,"href":"https:\/\/interstore.ch\/de\/wp-json\/wp\/v2\/tags?post=2394"}],"curies":[{"name":"wp","href":"https:\/\/api.w.org\/{rel}","templated":true}]}}