{"id":2426,"date":"2017-06-15T06:50:44","date_gmt":"2017-06-15T06:50:44","guid":{"rendered":"https:\/\/interstore.ch\/?p=2426\/"},"modified":"2017-06-15T07:04:33","modified_gmt":"2017-06-15T07:04:33","slug":"reparto-salumi-sempre-piu-verso-larea-gourmet","status":"publish","type":"post","link":"https:\/\/interstore.ch\/de\/reparto-salumi-sempre-piu-verso-larea-gourmet\/","title":{"rendered":"Reparto salumi sempre pi\u00f9 verso l&#8217;area gourmet"},"content":{"rendered":"<p>Assistito o a libero servizio, il reparto salumi \u00e8 tra quelli che qualificano il pdv e dunque assume rilievo sia nella dimensione della qualit\u00e0 dell&#8217;assortimento, che in quella della competenza e professionalit\u00e0 del personale.<\/p>\n<p>&#8222;Prevale un sistema espositivo nel quale il banco assistito sia letto dal cliente in continuit\u00e0 con quello a libero servizio&#8220; illustra Alessandro Righi, store designer di Interstore.<\/p>\n","protected":false},"excerpt":{"rendered":"<p>Assistito o a libero servizio, il reparto salumi \u00e8 tra quelli che qualificano il pdv e dunque assume rilievo sia nella dimensione della qualit\u00e0 dell&#8217;assortimento, che in quella della competenza e professionalit\u00e0 del personale. &#8222;Prevale un sistema espositivo nel quale il banco assistito sia letto dal cliente in continuit\u00e0 con quello a libero servizio&#8220; illustra [&hellip;]<\/p>\n","protected":false},"author":2,"featured_media":2423,"comment_status":"open","ping_status":"open","sticky":false,"template":"","format":"standard","meta":{"_acf_changed":false,"footnotes":""},"categories":[8],"tags":[],"class_list":["post-2426","post","type-post","status-publish","format-standard","has-post-thumbnail","hentry","category-presse"],"acf":[],"yoast_head":"<!-- This site is optimized with the Yoast SEO plugin v27.0 - https:\/\/yoast.com\/product\/yoast-seo-wordpress\/ -->\n<title>Reparto salumi sempre pi\u00f9 verso l&#039;area gourmet - Interstore<\/title>\n<meta name=\"robots\" content=\"index, follow, max-snippet:-1, max-image-preview:large, max-video-preview:-1\" \/>\n<link rel=\"canonical\" href=\"https:\/\/interstore.ch\/de\/reparto-salumi-sempre-piu-verso-larea-gourmet\/\" \/>\n<meta property=\"og:locale\" content=\"de_DE\" \/>\n<meta property=\"og:type\" content=\"article\" \/>\n<meta property=\"og:title\" content=\"Reparto salumi sempre pi\u00f9 verso l&#039;area gourmet - Interstore\" \/>\n<meta property=\"og:description\" content=\"Assistito o a libero servizio, il reparto salumi \u00e8 tra quelli che qualificano il pdv e dunque assume rilievo sia nella dimensione della qualit\u00e0 dell&#8217;assortimento, che in quella della competenza e professionalit\u00e0 del personale. &#8222;Prevale un sistema espositivo nel quale il banco assistito sia letto dal cliente in continuit\u00e0 con quello a libero servizio&#8220; illustra [&hellip;]\" \/>\n<meta property=\"og:url\" content=\"https:\/\/interstore.ch\/de\/reparto-salumi-sempre-piu-verso-larea-gourmet\/\" \/>\n<meta property=\"og:site_name\" content=\"Interstore\" \/>\n<meta property=\"article:published_time\" content=\"2017-06-15T06:50:44+00:00\" \/>\n<meta property=\"article:modified_time\" content=\"2017-06-15T07:04:33+00:00\" \/>\n<meta property=\"og:image\" content=\"https:\/\/interstore.ch\/app\/uploads\/2017\/06\/Cover-GDO-Week-Juni.jpg\" \/>\n\t<meta property=\"og:image:width\" content=\"642\" \/>\n\t<meta property=\"og:image:height\" content=\"902\" \/>\n\t<meta property=\"og:image:type\" content=\"image\/jpeg\" \/>\n<meta name=\"author\" content=\"Siglinde Zipperle\" \/>\n<meta name=\"twitter:card\" content=\"summary_large_image\" \/>\n<meta name=\"twitter:label1\" content=\"Written by\" \/>\n\t<meta name=\"twitter:data1\" content=\"Siglinde Zipperle\" \/>\n<script type=\"application\/ld+json\" class=\"yoast-schema-graph\">{\"@context\":\"https:\/\/schema.org\",\"@graph\":[{\"@type\":\"Article\",\"@id\":\"https:\/\/interstore.ch\/de\/reparto-salumi-sempre-piu-verso-larea-gourmet\/#article\",\"isPartOf\":{\"@id\":\"https:\/\/interstore.ch\/de\/reparto-salumi-sempre-piu-verso-larea-gourmet\/\"},\"author\":{\"name\":\"Siglinde Zipperle\",\"@id\":\"https:\/\/interstore.ch\/de\/#\/schema\/person\/cea5765cb7c08af02f55c376a61f6097\"},\"headline\":\"Reparto salumi sempre pi\u00f9 verso l&#8217;area gourmet\",\"datePublished\":\"2017-06-15T06:50:44+00:00\",\"dateModified\":\"2017-06-15T07:04:33+00:00\",\"mainEntityOfPage\":{\"@id\":\"https:\/\/interstore.ch\/de\/reparto-salumi-sempre-piu-verso-larea-gourmet\/\"},\"wordCount\":69,\"commentCount\":0,\"image\":{\"@id\":\"https:\/\/interstore.ch\/de\/reparto-salumi-sempre-piu-verso-larea-gourmet\/#primaryimage\"},\"thumbnailUrl\":\"https:\/\/interstore.ch\/app\/uploads\/2017\/06\/Cover-GDO-Week-Juni.jpg\",\"articleSection\":[\"Presse\"],\"inLanguage\":\"de-DE\",\"potentialAction\":[{\"@type\":\"CommentAction\",\"name\":\"Comment\",\"target\":[\"https:\/\/interstore.ch\/de\/reparto-salumi-sempre-piu-verso-larea-gourmet\/#respond\"]}]},{\"@type\":\"WebPage\",\"@id\":\"https:\/\/interstore.ch\/de\/reparto-salumi-sempre-piu-verso-larea-gourmet\/\",\"url\":\"https:\/\/interstore.ch\/de\/reparto-salumi-sempre-piu-verso-larea-gourmet\/\",\"name\":\"Reparto salumi sempre pi\u00f9 verso l'area gourmet - Interstore\",\"isPartOf\":{\"@id\":\"https:\/\/interstore.ch\/de\/#website\"},\"primaryImageOfPage\":{\"@id\":\"https:\/\/interstore.ch\/de\/reparto-salumi-sempre-piu-verso-larea-gourmet\/#primaryimage\"},\"image\":{\"@id\":\"https:\/\/interstore.ch\/de\/reparto-salumi-sempre-piu-verso-larea-gourmet\/#primaryimage\"},\"thumbnailUrl\":\"https:\/\/interstore.ch\/app\/uploads\/2017\/06\/Cover-GDO-Week-Juni.jpg\",\"datePublished\":\"2017-06-15T06:50:44+00:00\",\"dateModified\":\"2017-06-15T07:04:33+00:00\",\"author\":{\"@id\":\"https:\/\/interstore.ch\/de\/#\/schema\/person\/cea5765cb7c08af02f55c376a61f6097\"},\"breadcrumb\":{\"@id\":\"https:\/\/interstore.ch\/de\/reparto-salumi-sempre-piu-verso-larea-gourmet\/#breadcrumb\"},\"inLanguage\":\"de-DE\",\"potentialAction\":[{\"@type\":\"ReadAction\",\"target\":[\"https:\/\/interstore.ch\/de\/reparto-salumi-sempre-piu-verso-larea-gourmet\/\"]}]},{\"@type\":\"ImageObject\",\"inLanguage\":\"de-DE\",\"@id\":\"https:\/\/interstore.ch\/de\/reparto-salumi-sempre-piu-verso-larea-gourmet\/#primaryimage\",\"url\":\"https:\/\/interstore.ch\/app\/uploads\/2017\/06\/Cover-GDO-Week-Juni.jpg\",\"contentUrl\":\"https:\/\/interstore.ch\/app\/uploads\/2017\/06\/Cover-GDO-Week-Juni.jpg\",\"width\":642,\"height\":902},{\"@type\":\"BreadcrumbList\",\"@id\":\"https:\/\/interstore.ch\/de\/reparto-salumi-sempre-piu-verso-larea-gourmet\/#breadcrumb\",\"itemListElement\":[{\"@type\":\"ListItem\",\"position\":1,\"name\":\"Home\",\"item\":\"https:\/\/interstore.ch\/de\/\"},{\"@type\":\"ListItem\",\"position\":2,\"name\":\"Reparto salumi sempre pi\u00f9 verso l&#8217;area gourmet\"}]},{\"@type\":\"WebSite\",\"@id\":\"https:\/\/interstore.ch\/de\/#website\",\"url\":\"https:\/\/interstore.ch\/de\/\",\"name\":\"Interstore\",\"description\":\"We think Retail!\",\"potentialAction\":[{\"@type\":\"SearchAction\",\"target\":{\"@type\":\"EntryPoint\",\"urlTemplate\":\"https:\/\/interstore.ch\/de\/?s={search_term_string}\"},\"query-input\":{\"@type\":\"PropertyValueSpecification\",\"valueRequired\":true,\"valueName\":\"search_term_string\"}}],\"inLanguage\":\"de-DE\"},{\"@type\":\"Person\",\"@id\":\"https:\/\/interstore.ch\/de\/#\/schema\/person\/cea5765cb7c08af02f55c376a61f6097\",\"name\":\"Siglinde Zipperle\",\"image\":{\"@type\":\"ImageObject\",\"inLanguage\":\"de-DE\",\"@id\":\"https:\/\/interstore.ch\/de\/#\/schema\/person\/image\/\",\"url\":\"https:\/\/secure.gravatar.com\/avatar\/6bb9a134b18e0fd6648e7e114b2ff12107d94cb084905884ff5f8fbe42bd7eed?s=96&d=mm&r=g\",\"contentUrl\":\"https:\/\/secure.gravatar.com\/avatar\/6bb9a134b18e0fd6648e7e114b2ff12107d94cb084905884ff5f8fbe42bd7eed?s=96&d=mm&r=g\",\"caption\":\"Siglinde Zipperle\"},\"url\":\"https:\/\/interstore.ch\/de\/author\/siglinde\/\"}]}<\/script>\n<!-- \/ Yoast SEO plugin. -->","yoast_head_json":{"title":"Reparto salumi sempre pi\u00f9 verso l'area gourmet - Interstore","robots":{"index":"index","follow":"follow","max-snippet":"max-snippet:-1","max-image-preview":"max-image-preview:large","max-video-preview":"max-video-preview:-1"},"canonical":"https:\/\/interstore.ch\/de\/reparto-salumi-sempre-piu-verso-larea-gourmet\/","og_locale":"de_DE","og_type":"article","og_title":"Reparto salumi sempre pi\u00f9 verso l'area gourmet - Interstore","og_description":"Assistito o a libero servizio, il reparto salumi \u00e8 tra quelli che qualificano il pdv e dunque assume rilievo sia nella dimensione della qualit\u00e0 dell&#8217;assortimento, che in quella della competenza e professionalit\u00e0 del personale. &#8222;Prevale un sistema espositivo nel quale il banco assistito sia letto dal cliente in continuit\u00e0 con quello a libero servizio&#8220; illustra [&hellip;]","og_url":"https:\/\/interstore.ch\/de\/reparto-salumi-sempre-piu-verso-larea-gourmet\/","og_site_name":"Interstore","article_published_time":"2017-06-15T06:50:44+00:00","article_modified_time":"2017-06-15T07:04:33+00:00","og_image":[{"width":642,"height":902,"url":"https:\/\/interstore.ch\/app\/uploads\/2017\/06\/Cover-GDO-Week-Juni.jpg","type":"image\/jpeg"}],"author":"Siglinde Zipperle","twitter_card":"summary_large_image","twitter_misc":{"Written by":"Siglinde Zipperle"},"schema":{"@context":"https:\/\/schema.org","@graph":[{"@type":"Article","@id":"https:\/\/interstore.ch\/de\/reparto-salumi-sempre-piu-verso-larea-gourmet\/#article","isPartOf":{"@id":"https:\/\/interstore.ch\/de\/reparto-salumi-sempre-piu-verso-larea-gourmet\/"},"author":{"name":"Siglinde Zipperle","@id":"https:\/\/interstore.ch\/de\/#\/schema\/person\/cea5765cb7c08af02f55c376a61f6097"},"headline":"Reparto salumi sempre pi\u00f9 verso l&#8217;area gourmet","datePublished":"2017-06-15T06:50:44+00:00","dateModified":"2017-06-15T07:04:33+00:00","mainEntityOfPage":{"@id":"https:\/\/interstore.ch\/de\/reparto-salumi-sempre-piu-verso-larea-gourmet\/"},"wordCount":69,"commentCount":0,"image":{"@id":"https:\/\/interstore.ch\/de\/reparto-salumi-sempre-piu-verso-larea-gourmet\/#primaryimage"},"thumbnailUrl":"https:\/\/interstore.ch\/app\/uploads\/2017\/06\/Cover-GDO-Week-Juni.jpg","articleSection":["Presse"],"inLanguage":"de-DE","potentialAction":[{"@type":"CommentAction","name":"Comment","target":["https:\/\/interstore.ch\/de\/reparto-salumi-sempre-piu-verso-larea-gourmet\/#respond"]}]},{"@type":"WebPage","@id":"https:\/\/interstore.ch\/de\/reparto-salumi-sempre-piu-verso-larea-gourmet\/","url":"https:\/\/interstore.ch\/de\/reparto-salumi-sempre-piu-verso-larea-gourmet\/","name":"Reparto salumi sempre pi\u00f9 verso l'area gourmet - Interstore","isPartOf":{"@id":"https:\/\/interstore.ch\/de\/#website"},"primaryImageOfPage":{"@id":"https:\/\/interstore.ch\/de\/reparto-salumi-sempre-piu-verso-larea-gourmet\/#primaryimage"},"image":{"@id":"https:\/\/interstore.ch\/de\/reparto-salumi-sempre-piu-verso-larea-gourmet\/#primaryimage"},"thumbnailUrl":"https:\/\/interstore.ch\/app\/uploads\/2017\/06\/Cover-GDO-Week-Juni.jpg","datePublished":"2017-06-15T06:50:44+00:00","dateModified":"2017-06-15T07:04:33+00:00","author":{"@id":"https:\/\/interstore.ch\/de\/#\/schema\/person\/cea5765cb7c08af02f55c376a61f6097"},"breadcrumb":{"@id":"https:\/\/interstore.ch\/de\/reparto-salumi-sempre-piu-verso-larea-gourmet\/#breadcrumb"},"inLanguage":"de-DE","potentialAction":[{"@type":"ReadAction","target":["https:\/\/interstore.ch\/de\/reparto-salumi-sempre-piu-verso-larea-gourmet\/"]}]},{"@type":"ImageObject","inLanguage":"de-DE","@id":"https:\/\/interstore.ch\/de\/reparto-salumi-sempre-piu-verso-larea-gourmet\/#primaryimage","url":"https:\/\/interstore.ch\/app\/uploads\/2017\/06\/Cover-GDO-Week-Juni.jpg","contentUrl":"https:\/\/interstore.ch\/app\/uploads\/2017\/06\/Cover-GDO-Week-Juni.jpg","width":642,"height":902},{"@type":"BreadcrumbList","@id":"https:\/\/interstore.ch\/de\/reparto-salumi-sempre-piu-verso-larea-gourmet\/#breadcrumb","itemListElement":[{"@type":"ListItem","position":1,"name":"Home","item":"https:\/\/interstore.ch\/de\/"},{"@type":"ListItem","position":2,"name":"Reparto salumi sempre pi\u00f9 verso l&#8217;area gourmet"}]},{"@type":"WebSite","@id":"https:\/\/interstore.ch\/de\/#website","url":"https:\/\/interstore.ch\/de\/","name":"Interstore","description":"We think Retail!","potentialAction":[{"@type":"SearchAction","target":{"@type":"EntryPoint","urlTemplate":"https:\/\/interstore.ch\/de\/?s={search_term_string}"},"query-input":{"@type":"PropertyValueSpecification","valueRequired":true,"valueName":"search_term_string"}}],"inLanguage":"de-DE"},{"@type":"Person","@id":"https:\/\/interstore.ch\/de\/#\/schema\/person\/cea5765cb7c08af02f55c376a61f6097","name":"Siglinde Zipperle","image":{"@type":"ImageObject","inLanguage":"de-DE","@id":"https:\/\/interstore.ch\/de\/#\/schema\/person\/image\/","url":"https:\/\/secure.gravatar.com\/avatar\/6bb9a134b18e0fd6648e7e114b2ff12107d94cb084905884ff5f8fbe42bd7eed?s=96&d=mm&r=g","contentUrl":"https:\/\/secure.gravatar.com\/avatar\/6bb9a134b18e0fd6648e7e114b2ff12107d94cb084905884ff5f8fbe42bd7eed?s=96&d=mm&r=g","caption":"Siglinde Zipperle"},"url":"https:\/\/interstore.ch\/de\/author\/siglinde\/"}]}},"_links":{"self":[{"href":"https:\/\/interstore.ch\/de\/wp-json\/wp\/v2\/posts\/2426","targetHints":{"allow":["GET"]}}],"collection":[{"href":"https:\/\/interstore.ch\/de\/wp-json\/wp\/v2\/posts"}],"about":[{"href":"https:\/\/interstore.ch\/de\/wp-json\/wp\/v2\/types\/post"}],"author":[{"embeddable":true,"href":"https:\/\/interstore.ch\/de\/wp-json\/wp\/v2\/users\/2"}],"replies":[{"embeddable":true,"href":"https:\/\/interstore.ch\/de\/wp-json\/wp\/v2\/comments?post=2426"}],"version-history":[{"count":4,"href":"https:\/\/interstore.ch\/de\/wp-json\/wp\/v2\/posts\/2426\/revisions"}],"predecessor-version":[{"id":2435,"href":"https:\/\/interstore.ch\/de\/wp-json\/wp\/v2\/posts\/2426\/revisions\/2435"}],"wp:featuredmedia":[{"embeddable":true,"href":"https:\/\/interstore.ch\/de\/wp-json\/wp\/v2\/media\/2423"}],"wp:attachment":[{"href":"https:\/\/interstore.ch\/de\/wp-json\/wp\/v2\/media?parent=2426"}],"wp:term":[{"taxonomy":"category","embeddable":true,"href":"https:\/\/interstore.ch\/de\/wp-json\/wp\/v2\/categories?post=2426"},{"taxonomy":"post_tag","embeddable":true,"href":"https:\/\/interstore.ch\/de\/wp-json\/wp\/v2\/tags?post=2426"}],"curies":[{"name":"wp","href":"https:\/\/api.w.org\/{rel}","templated":true}]}}