{"id":5662,"date":"2019-02-11T14:51:14","date_gmt":"2019-02-11T14:51:14","guid":{"rendered":"https:\/\/interstore.ch\/?p=5662"},"modified":"2019-02-11T14:51:14","modified_gmt":"2019-02-11T14:51:14","slug":"le-marche-de-la-mer","status":"publish","type":"post","link":"https:\/\/interstore.ch\/de\/le-marche-de-la-mer\/","title":{"rendered":"Le March\u00e9 de la Mer"},"content":{"rendered":"<p>Interstore | Schweitzer hat den bestehenden Fischfachhandel von E.Leclerc in der franz\u00f6sischen K\u00fcstenstadt Olonne-sur-Mer zu einem Shop mit eigenst\u00e4ndigem Markenauftritt ausgebaut. Unter dem Dach der franz\u00f6sischen Einzelhandelskette ist eine gro\u00dfz\u00fcgige Halle von 450 m\u00b2 entstanden, einen wahren \u00bbMarch\u00e9 de la Mer\u00ab, der Bewohnern und Besuchern des Touristenorts ein breites Sortiment an Fischen und Meeresfr\u00fcchten bietet. \u00bbLe March\u00e9 de la Mer\u00ab wurde Anfang Dezember 2018 er\u00f6ffnet.<\/p>\n<p>Der neue Fischmarkt strahlt moderne Eleganz und urbane Leichtigkeit aus. Materialien wie Glas und Stein sowie die blaue Farbgebung lassen den Kunden in eine maritime Atmosph\u00e4re eintauchen.<\/p>\n","protected":false},"excerpt":{"rendered":"<p>Interstore | Schweitzer hat den bestehenden Fischfachhandel von E.Leclerc in der franz\u00f6sischen K\u00fcstenstadt Olonne-sur-Mer zu einem Shop mit eigenst\u00e4ndigem Markenauftritt ausgebaut. Unter dem Dach der franz\u00f6sischen Einzelhandelskette ist eine gro\u00dfz\u00fcgige Halle von 450 m\u00b2 entstanden, einen wahren \u00bbMarch\u00e9 de la Mer\u00ab, der Bewohnern und Besuchern des Touristenorts ein breites Sortiment an Fischen und Meeresfr\u00fcchten bietet. [&hellip;]<\/p>\n","protected":false},"author":2,"featured_media":0,"comment_status":"open","ping_status":"open","sticky":false,"template":"","format":"standard","meta":{"_acf_changed":false,"footnotes":""},"categories":[6],"tags":[],"class_list":["post-5662","post","type-post","status-publish","format-standard","hentry","category-projekte"],"acf":[],"yoast_head":"<!-- This site is optimized with the Yoast SEO plugin v27.0 - https:\/\/yoast.com\/product\/yoast-seo-wordpress\/ -->\n<title>Le March\u00e9 de la Mer - Interstore<\/title>\n<meta name=\"robots\" content=\"index, follow, max-snippet:-1, max-image-preview:large, max-video-preview:-1\" \/>\n<link rel=\"canonical\" href=\"https:\/\/interstore.ch\/de\/le-marche-de-la-mer\/\" \/>\n<meta property=\"og:locale\" content=\"de_DE\" \/>\n<meta property=\"og:type\" content=\"article\" \/>\n<meta property=\"og:title\" content=\"Le March\u00e9 de la Mer - Interstore\" \/>\n<meta property=\"og:description\" content=\"Interstore | Schweitzer hat den bestehenden Fischfachhandel von E.Leclerc in der franz\u00f6sischen K\u00fcstenstadt Olonne-sur-Mer zu einem Shop mit eigenst\u00e4ndigem Markenauftritt ausgebaut. Unter dem Dach der franz\u00f6sischen Einzelhandelskette ist eine gro\u00dfz\u00fcgige Halle von 450 m\u00b2 entstanden, einen wahren \u00bbMarch\u00e9 de la Mer\u00ab, der Bewohnern und Besuchern des Touristenorts ein breites Sortiment an Fischen und Meeresfr\u00fcchten bietet. [&hellip;]\" \/>\n<meta property=\"og:url\" content=\"https:\/\/interstore.ch\/de\/le-marche-de-la-mer\/\" \/>\n<meta property=\"og:site_name\" content=\"Interstore\" \/>\n<meta property=\"article:published_time\" content=\"2019-02-11T14:51:14+00:00\" \/>\n<meta name=\"author\" content=\"Siglinde Zipperle\" \/>\n<meta name=\"twitter:card\" content=\"summary_large_image\" \/>\n<meta name=\"twitter:label1\" content=\"Written by\" \/>\n\t<meta name=\"twitter:data1\" content=\"Siglinde Zipperle\" \/>\n<script type=\"application\/ld+json\" class=\"yoast-schema-graph\">{\"@context\":\"https:\/\/schema.org\",\"@graph\":[{\"@type\":\"Article\",\"@id\":\"https:\/\/interstore.ch\/de\/le-marche-de-la-mer\/#article\",\"isPartOf\":{\"@id\":\"https:\/\/interstore.ch\/de\/le-marche-de-la-mer\/\"},\"author\":{\"name\":\"Siglinde Zipperle\",\"@id\":\"https:\/\/interstore.ch\/de\/#\/schema\/person\/cea5765cb7c08af02f55c376a61f6097\"},\"headline\":\"Le March\u00e9 de la Mer\",\"datePublished\":\"2019-02-11T14:51:14+00:00\",\"mainEntityOfPage\":{\"@id\":\"https:\/\/interstore.ch\/de\/le-marche-de-la-mer\/\"},\"wordCount\":104,\"commentCount\":0,\"articleSection\":[\"Projekte\"],\"inLanguage\":\"de-DE\",\"potentialAction\":[{\"@type\":\"CommentAction\",\"name\":\"Comment\",\"target\":[\"https:\/\/interstore.ch\/de\/le-marche-de-la-mer\/#respond\"]}]},{\"@type\":\"WebPage\",\"@id\":\"https:\/\/interstore.ch\/de\/le-marche-de-la-mer\/\",\"url\":\"https:\/\/interstore.ch\/de\/le-marche-de-la-mer\/\",\"name\":\"Le March\u00e9 de la Mer - Interstore\",\"isPartOf\":{\"@id\":\"https:\/\/interstore.ch\/de\/#website\"},\"datePublished\":\"2019-02-11T14:51:14+00:00\",\"author\":{\"@id\":\"https:\/\/interstore.ch\/de\/#\/schema\/person\/cea5765cb7c08af02f55c376a61f6097\"},\"breadcrumb\":{\"@id\":\"https:\/\/interstore.ch\/de\/le-marche-de-la-mer\/#breadcrumb\"},\"inLanguage\":\"de-DE\",\"potentialAction\":[{\"@type\":\"ReadAction\",\"target\":[\"https:\/\/interstore.ch\/de\/le-marche-de-la-mer\/\"]}]},{\"@type\":\"BreadcrumbList\",\"@id\":\"https:\/\/interstore.ch\/de\/le-marche-de-la-mer\/#breadcrumb\",\"itemListElement\":[{\"@type\":\"ListItem\",\"position\":1,\"name\":\"Home\",\"item\":\"https:\/\/interstore.ch\/de\/\"},{\"@type\":\"ListItem\",\"position\":2,\"name\":\"Le March\u00e9 de la Mer\"}]},{\"@type\":\"WebSite\",\"@id\":\"https:\/\/interstore.ch\/de\/#website\",\"url\":\"https:\/\/interstore.ch\/de\/\",\"name\":\"Interstore\",\"description\":\"We think Retail!\",\"potentialAction\":[{\"@type\":\"SearchAction\",\"target\":{\"@type\":\"EntryPoint\",\"urlTemplate\":\"https:\/\/interstore.ch\/de\/?s={search_term_string}\"},\"query-input\":{\"@type\":\"PropertyValueSpecification\",\"valueRequired\":true,\"valueName\":\"search_term_string\"}}],\"inLanguage\":\"de-DE\"},{\"@type\":\"Person\",\"@id\":\"https:\/\/interstore.ch\/de\/#\/schema\/person\/cea5765cb7c08af02f55c376a61f6097\",\"name\":\"Siglinde Zipperle\",\"image\":{\"@type\":\"ImageObject\",\"inLanguage\":\"de-DE\",\"@id\":\"https:\/\/interstore.ch\/de\/#\/schema\/person\/image\/\",\"url\":\"https:\/\/secure.gravatar.com\/avatar\/6bb9a134b18e0fd6648e7e114b2ff12107d94cb084905884ff5f8fbe42bd7eed?s=96&d=mm&r=g\",\"contentUrl\":\"https:\/\/secure.gravatar.com\/avatar\/6bb9a134b18e0fd6648e7e114b2ff12107d94cb084905884ff5f8fbe42bd7eed?s=96&d=mm&r=g\",\"caption\":\"Siglinde Zipperle\"},\"url\":\"https:\/\/interstore.ch\/de\/author\/siglinde\/\"}]}<\/script>\n<!-- \/ Yoast SEO plugin. -->","yoast_head_json":{"title":"Le March\u00e9 de la Mer - Interstore","robots":{"index":"index","follow":"follow","max-snippet":"max-snippet:-1","max-image-preview":"max-image-preview:large","max-video-preview":"max-video-preview:-1"},"canonical":"https:\/\/interstore.ch\/de\/le-marche-de-la-mer\/","og_locale":"de_DE","og_type":"article","og_title":"Le March\u00e9 de la Mer - Interstore","og_description":"Interstore | Schweitzer hat den bestehenden Fischfachhandel von E.Leclerc in der franz\u00f6sischen K\u00fcstenstadt Olonne-sur-Mer zu einem Shop mit eigenst\u00e4ndigem Markenauftritt ausgebaut. Unter dem Dach der franz\u00f6sischen Einzelhandelskette ist eine gro\u00dfz\u00fcgige Halle von 450 m\u00b2 entstanden, einen wahren \u00bbMarch\u00e9 de la Mer\u00ab, der Bewohnern und Besuchern des Touristenorts ein breites Sortiment an Fischen und Meeresfr\u00fcchten bietet. [&hellip;]","og_url":"https:\/\/interstore.ch\/de\/le-marche-de-la-mer\/","og_site_name":"Interstore","article_published_time":"2019-02-11T14:51:14+00:00","author":"Siglinde Zipperle","twitter_card":"summary_large_image","twitter_misc":{"Written by":"Siglinde Zipperle"},"schema":{"@context":"https:\/\/schema.org","@graph":[{"@type":"Article","@id":"https:\/\/interstore.ch\/de\/le-marche-de-la-mer\/#article","isPartOf":{"@id":"https:\/\/interstore.ch\/de\/le-marche-de-la-mer\/"},"author":{"name":"Siglinde Zipperle","@id":"https:\/\/interstore.ch\/de\/#\/schema\/person\/cea5765cb7c08af02f55c376a61f6097"},"headline":"Le March\u00e9 de la Mer","datePublished":"2019-02-11T14:51:14+00:00","mainEntityOfPage":{"@id":"https:\/\/interstore.ch\/de\/le-marche-de-la-mer\/"},"wordCount":104,"commentCount":0,"articleSection":["Projekte"],"inLanguage":"de-DE","potentialAction":[{"@type":"CommentAction","name":"Comment","target":["https:\/\/interstore.ch\/de\/le-marche-de-la-mer\/#respond"]}]},{"@type":"WebPage","@id":"https:\/\/interstore.ch\/de\/le-marche-de-la-mer\/","url":"https:\/\/interstore.ch\/de\/le-marche-de-la-mer\/","name":"Le March\u00e9 de la Mer - Interstore","isPartOf":{"@id":"https:\/\/interstore.ch\/de\/#website"},"datePublished":"2019-02-11T14:51:14+00:00","author":{"@id":"https:\/\/interstore.ch\/de\/#\/schema\/person\/cea5765cb7c08af02f55c376a61f6097"},"breadcrumb":{"@id":"https:\/\/interstore.ch\/de\/le-marche-de-la-mer\/#breadcrumb"},"inLanguage":"de-DE","potentialAction":[{"@type":"ReadAction","target":["https:\/\/interstore.ch\/de\/le-marche-de-la-mer\/"]}]},{"@type":"BreadcrumbList","@id":"https:\/\/interstore.ch\/de\/le-marche-de-la-mer\/#breadcrumb","itemListElement":[{"@type":"ListItem","position":1,"name":"Home","item":"https:\/\/interstore.ch\/de\/"},{"@type":"ListItem","position":2,"name":"Le March\u00e9 de la Mer"}]},{"@type":"WebSite","@id":"https:\/\/interstore.ch\/de\/#website","url":"https:\/\/interstore.ch\/de\/","name":"Interstore","description":"We think Retail!","potentialAction":[{"@type":"SearchAction","target":{"@type":"EntryPoint","urlTemplate":"https:\/\/interstore.ch\/de\/?s={search_term_string}"},"query-input":{"@type":"PropertyValueSpecification","valueRequired":true,"valueName":"search_term_string"}}],"inLanguage":"de-DE"},{"@type":"Person","@id":"https:\/\/interstore.ch\/de\/#\/schema\/person\/cea5765cb7c08af02f55c376a61f6097","name":"Siglinde Zipperle","image":{"@type":"ImageObject","inLanguage":"de-DE","@id":"https:\/\/interstore.ch\/de\/#\/schema\/person\/image\/","url":"https:\/\/secure.gravatar.com\/avatar\/6bb9a134b18e0fd6648e7e114b2ff12107d94cb084905884ff5f8fbe42bd7eed?s=96&d=mm&r=g","contentUrl":"https:\/\/secure.gravatar.com\/avatar\/6bb9a134b18e0fd6648e7e114b2ff12107d94cb084905884ff5f8fbe42bd7eed?s=96&d=mm&r=g","caption":"Siglinde Zipperle"},"url":"https:\/\/interstore.ch\/de\/author\/siglinde\/"}]}},"_links":{"self":[{"href":"https:\/\/interstore.ch\/de\/wp-json\/wp\/v2\/posts\/5662","targetHints":{"allow":["GET"]}}],"collection":[{"href":"https:\/\/interstore.ch\/de\/wp-json\/wp\/v2\/posts"}],"about":[{"href":"https:\/\/interstore.ch\/de\/wp-json\/wp\/v2\/types\/post"}],"author":[{"embeddable":true,"href":"https:\/\/interstore.ch\/de\/wp-json\/wp\/v2\/users\/2"}],"replies":[{"embeddable":true,"href":"https:\/\/interstore.ch\/de\/wp-json\/wp\/v2\/comments?post=5662"}],"version-history":[{"count":3,"href":"https:\/\/interstore.ch\/de\/wp-json\/wp\/v2\/posts\/5662\/revisions"}],"predecessor-version":[{"id":5666,"href":"https:\/\/interstore.ch\/de\/wp-json\/wp\/v2\/posts\/5662\/revisions\/5666"}],"wp:attachment":[{"href":"https:\/\/interstore.ch\/de\/wp-json\/wp\/v2\/media?parent=5662"}],"wp:term":[{"taxonomy":"category","embeddable":true,"href":"https:\/\/interstore.ch\/de\/wp-json\/wp\/v2\/categories?post=5662"},{"taxonomy":"post_tag","embeddable":true,"href":"https:\/\/interstore.ch\/de\/wp-json\/wp\/v2\/tags?post=5662"}],"curies":[{"name":"wp","href":"https:\/\/api.w.org\/{rel}","templated":true}]}}